{"id":478,"date":"2023-05-27T10:22:30","date_gmt":"2023-05-27T10:22:30","guid":{"rendered":"https:\/\/soc.ticanalyse.org\/?p=478"},"modified":"2023-08-17T10:28:26","modified_gmt":"2023-08-17T10:28:26","slug":"au-senegal-letat-cible-par-une-cyberattaque","status":"publish","type":"post","link":"https:\/\/soc.ticanalyse.org\/en\/2023\/05\/27\/au-senegal-letat-cible-par-une-cyberattaque\/","title":{"rendered":"In Senegal, the state is targeted by a cyber attack"},"content":{"rendered":"<p class=\"has-text-align-center\"><strong>The Senegalese government's websites were paralysed on Friday 26 May. They were operational again on Saturday morning.<\/strong><\/p>\n\n\n\n<p>A @MysteriousTeamO account claiming to be from the <a href=\"https:\/\/www.jeuneafrique.com\/675651\/politique\/presidentielle-en-rdc-pourquoi-nous-avons-attaque-le-site-internet-de-la-ceni-un-anonymous-se-confie\/\">Anonymous hackers<\/a> claimed on social networks to have paralysed the websites of the presidency and those using the gouv.sn domain, such as that of the government and the Armed Forces and Health ministries. These sites were operational again on Saturday morning.<\/p>\n\n\n\n<p>MysteriousTeamO expresses its \"solidarity\" with the people of Senegal and their right to freely choose their president.<\/p>\n\n\n\n<p><strong>Back to normal<\/strong><\/p>\n\n\n\n<p>Government spokesman Abdou Karim Fofana acknowledged the existence of the attack, which consisted of \"overwhelming a network with massive amounts of traffic saturating the bandwidth\". The organisation managing the domain has mobilised its teams to ensure a return to normal \"as soon as possible\", he said in a press release.<\/p>\n\n\n\n<p>This attack comes <a href=\"https:\/\/www.jeuneafrique.com\/1446472\/politique\/babacar-diop-au-senegal-la-democratie-est-en-danger\/\">in a tense political climate<\/a>. The opposition is denouncing what it sees as increasing repression by the authorities. The uncertainty maintained by <a href=\"https:\/\/www.jeuneafrique.com\/1444879\/politique\/manifestation-a-dakar-contre-un-3e-mandat-du-president-macky-sall\/\">Macky Sall on whether or not he will run for a third term<\/a>Tensions are also being fuelled by the political and judicial fate of opposition politician Ousmane Sonko, who is in danger of losing his eligibility.<\/p>\n\n\n\n<p>Source: <a href=\"https:\/\/www.jeuneafrique.com\/1448977\/politique\/au-senegal-letat-cible-par-une-cyberattaque\/\" data-type=\"link\" data-id=\"https:\/\/www.jeuneafrique.com\/1448977\/politique\/au-senegal-letat-cible-par-une-cyberattaque\/\">Jeune Afrique<\/a><\/p>","protected":false},"excerpt":{"rendered":"<p>Les sites internet de l\u2019\u00c9tat s\u00e9n\u00e9galais ont \u00e9t\u00e9 paralys\u00e9s vendredi 26 mai. Ils \u00e9taient de nouveau op\u00e9rationnels samedi matin. Un compte @MysteriousTeamO se r\u00e9clamant du groupe de pirates informatiques Anonymous a revendiqu\u00e9 sur les r\u00e9seaux sociaux avoir paralys\u00e9 les sites de la pr\u00e9sidence et ceux utilisant le domaine gouv.sn, comme celui du gouvernement ou des [&hellip;]<\/p>","protected":false},"author":1,"featured_media":0,"comment_status":"closed","ping_status":"closed","sticky":false,"template":"","format":"standard","meta":{"footnotes":""},"categories":[7],"tags":[],"class_list":["post-478","post","type-post","status-publish","format-standard","hentry","category-actualite"],"_links":{"self":[{"href":"https:\/\/soc.ticanalyse.org\/en\/wp-json\/wp\/v2\/posts\/478","targetHints":{"allow":["GET"]}}],"collection":[{"href":"https:\/\/soc.ticanalyse.org\/en\/wp-json\/wp\/v2\/posts"}],"about":[{"href":"https:\/\/soc.ticanalyse.org\/en\/wp-json\/wp\/v2\/types\/post"}],"author":[{"embeddable":true,"href":"https:\/\/soc.ticanalyse.org\/en\/wp-json\/wp\/v2\/users\/1"}],"replies":[{"embeddable":true,"href":"https:\/\/soc.ticanalyse.org\/en\/wp-json\/wp\/v2\/comments?post=478"}],"version-history":[{"count":0,"href":"https:\/\/soc.ticanalyse.org\/en\/wp-json\/wp\/v2\/posts\/478\/revisions"}],"wp:attachment":[{"href":"https:\/\/soc.ticanalyse.org\/en\/wp-json\/wp\/v2\/media?parent=478"}],"wp:term":[{"taxonomy":"category","embeddable":true,"href":"https:\/\/soc.ticanalyse.org\/en\/wp-json\/wp\/v2\/categories?post=478"},{"taxonomy":"post_tag","embeddable":true,"href":"https:\/\/soc.ticanalyse.org\/en\/wp-json\/wp\/v2\/tags?post=478"}],"curies":[{"name":"wp","href":"https:\/\/api.w.org\/{rel}","templated":true}]}}